{"id":38169,"date":"2026-06-24T12:34:57","date_gmt":"2026-06-24T10:34:57","guid":{"rendered":"https:\/\/elgoibar.eus\/elgoibarrek-aire-zabaleko-kultura-eskaintzen-du-uztailean-kale-antzerkia-zirkua-eta-zinema\/"},"modified":"2026-06-24T12:36:04","modified_gmt":"2026-06-24T10:36:04","slug":"elgoibar-ofrece-en-julio-cultura-al-aire-libre-teatro-callejero-circo-y-cine","status":"publish","type":"post","link":"https:\/\/elgoibar.eus\/es\/elgoibar-ofrece-en-julio-cultura-al-aire-libre-teatro-callejero-circo-y-cine\/","title":{"rendered":"Elgoibar ofrece en julio cultura al aire libre: teatro\u00a0 callejero, circo y cine\u00a0"},"content":{"rendered":"<ul>\n<li style=\"text-align: justify;\"><strong>El programa \u201cUdara Kulturaz Blai\u201d re\u00fane teatro de calle, Lumina Zirkua y cuatro pel\u00edculas a lo\u00a0 largo de todo el mes de julio en Kalegoen plaza\u00a0<\/strong><\/li>\n<\/ul>\n<p style=\"text-align: justify;\"><span style=\"font-weight: 400;\">El Ayuntamiento de Elgoibar ha presentado la oferta de julio del programa \u201cUdara Kulturaz Blai\u201d,\u00a0 que ofrecer\u00e1 a lo largo de todo el mes la posibilidad de disfrutar de la cultura al aire libre.\u00a0 Kalegoen plaza ser\u00e1 el escenario principal de la mayor\u00eda de los actos, y en caso de lluvia la\u00a0 alternativa ser\u00e1 el parque de Maala.\u00a0<\/span><\/p>\n<p style=\"text-align: justify;\"><span style=\"font-weight: 400;\">En cuanto al teatro de calle, el jueves 2 de julio a las 19:00, el grupo Welcome &amp; Sorry. Ganso &amp;\u00a0 Cia. ofrecer\u00e1 su espect\u00e1culo en Kalegoen plaza. El mi\u00e9rcoles 15 de julio, a las 22:30, ser\u00e1 el turno\u00a0 de Lumina Zirkua, un espect\u00e1culo lleno de color, luz y magia.\u00a0<\/span><\/p>\n<p style=\"text-align: justify;\"><span style=\"font-weight: 400;\">En cuanto a las sesiones de cine al aire libre, se han programado cuatro pel\u00edculas, todas a las\u00a0 22:30 en Kalegoen plaza. El viernes 3 de julio se proyectar\u00e1 \u201cLa Tarta del Presidente\u201d, para\u00a0 mayores de 12 a\u00f1os, con una duraci\u00f3n de 105 minutos. El s\u00e1bado 4 de julio podr\u00e1 verse \u201cBuffalo\u00a0 Kids\u201d en versi\u00f3n euskera, para todos los p\u00fablicos, con 81 minutos de duraci\u00f3n. El viernes 17 de\u00a0 julio ser\u00e1 el turno de \u201cFutbolisimos 2. El misterio del tesoro pirata\u201d, para todos los p\u00fablicos, con\u00a0<\/span><\/p>\n<p style=\"text-align: justify;\"><span style=\"font-weight: 400;\">95 minutos. Y el s\u00e1bado 18 de julio el programa cerrar\u00e1 con \u201cMary Anning y la playa de los\u00a0 dinosaurios\u201d, en versi\u00f3n euskera, para mayores de 7 a\u00f1os, con 72 minutos de duraci\u00f3n<\/span><\/p>\n","protected":false},"excerpt":{"rendered":"<p>El programa \u201cUdara Kulturaz Blai\u201d re\u00fane teatro de calle, Lumina Zirkua y cuatro pel\u00edculas a lo\u00a0 largo de todo el<\/p>\n","protected":false},"author":3,"featured_media":38167,"comment_status":"closed","ping_status":"closed","sticky":false,"template":"","format":"standard","meta":{"_acf_changed":false,"footnotes":""},"categories":[83,78],"tags":[],"class_list":["post-38169","post","type-post","status-publish","format-standard","has-post-thumbnail","hentry","category-cultura","category-noticias","generate-columns","tablet-grid-50","mobile-grid-100","grid-parent","grid-25","resize-featured-image"],"acf":[],"yoast_head":"<!-- This site is optimized with the Yoast SEO plugin v28.3 - https:\/\/yoast.com\/product\/yoast-seo-wordpress\/ -->\n<title>Elgoibar ofrece en julio cultura al aire libre: teatro\u00a0 callejero, circo y cine\u00a0 - Elgoibar.eus<\/title>\n<meta name=\"robots\" content=\"index, follow, max-snippet:-1, max-image-preview:large, max-video-preview:-1\" \/>\n<link rel=\"canonical\" href=\"https:\/\/elgoibar.eus\/es\/elgoibar-ofrece-en-julio-cultura-al-aire-libre-teatro-callejero-circo-y-cine\/\" \/>\n<meta property=\"og:locale\" content=\"es_ES\" \/>\n<meta property=\"og:type\" content=\"article\" \/>\n<meta property=\"og:title\" content=\"Elgoibar ofrece en julio cultura al aire libre: teatro\u00a0 callejero, circo y cine\u00a0 - Elgoibar.eus\" \/>\n<meta property=\"og:description\" content=\"El programa \u201cUdara Kulturaz Blai\u201d re\u00fane teatro de calle, Lumina Zirkua y cuatro pel\u00edculas a lo\u00a0 largo de todo el\" \/>\n<meta property=\"og:url\" content=\"https:\/\/elgoibar.eus\/es\/elgoibar-ofrece-en-julio-cultura-al-aire-libre-teatro-callejero-circo-y-cine\/\" \/>\n<meta property=\"og:site_name\" content=\"Elgoibar.eus\" \/>\n<meta property=\"article:publisher\" content=\"https:\/\/www.facebook.com\/ElgoibarkoUdala\" \/>\n<meta property=\"article:published_time\" content=\"2026-06-24T10:34:57+00:00\" \/>\n<meta property=\"article:modified_time\" content=\"2026-06-24T10:36:04+00:00\" \/>\n<meta property=\"og:image\" content=\"https:\/\/elgoibar.eus\/wp-content\/uploads\/2026\/06\/udako-kultura.jpg\" \/>\n\t<meta property=\"og:image:width\" content=\"1000\" \/>\n\t<meta property=\"og:image:height\" content=\"1400\" \/>\n\t<meta property=\"og:image:type\" content=\"image\/jpeg\" \/>\n<meta name=\"author\" content=\"komunikazioa\" \/>\n<meta name=\"twitter:card\" content=\"summary_large_image\" \/>\n<meta name=\"twitter:creator\" content=\"@ElgoibarkoUdala\" \/>\n<meta name=\"twitter:site\" content=\"@ElgoibarkoUdala\" \/>\n<meta name=\"twitter:label1\" content=\"Escrito por\" \/>\n\t<meta name=\"twitter:data1\" content=\"komunikazioa\" \/>\n\t<meta name=\"twitter:label2\" content=\"Tiempo de lectura\" \/>\n\t<meta name=\"twitter:data2\" content=\"1 minuto\" \/>\n<script type=\"application\/ld+json\" class=\"yoast-schema-graph\">{\"@context\":\"https:\\\/\\\/schema.org\",\"@graph\":[{\"@type\":\"Article\",\"@id\":\"https:\\\/\\\/elgoibar.eus\\\/es\\\/elgoibar-ofrece-en-julio-cultura-al-aire-libre-teatro-callejero-circo-y-cine\\\/#article\",\"isPartOf\":{\"@id\":\"https:\\\/\\\/elgoibar.eus\\\/es\\\/elgoibar-ofrece-en-julio-cultura-al-aire-libre-teatro-callejero-circo-y-cine\\\/\"},\"author\":{\"name\":\"komunikazioa\",\"@id\":\"https:\\\/\\\/elgoibar.eus\\\/#\\\/schema\\\/person\\\/d7efcb94d11362ecfeaa277579884c04\"},\"headline\":\"Elgoibar ofrece en julio cultura al aire libre: teatro\u00a0 callejero, circo y cine\u00a0\",\"datePublished\":\"2026-06-24T10:34:57+00:00\",\"dateModified\":\"2026-06-24T10:36:04+00:00\",\"mainEntityOfPage\":{\"@id\":\"https:\\\/\\\/elgoibar.eus\\\/es\\\/elgoibar-ofrece-en-julio-cultura-al-aire-libre-teatro-callejero-circo-y-cine\\\/\"},\"wordCount\":268,\"publisher\":{\"@id\":\"https:\\\/\\\/elgoibar.eus\\\/#organization\"},\"image\":{\"@id\":\"https:\\\/\\\/elgoibar.eus\\\/es\\\/elgoibar-ofrece-en-julio-cultura-al-aire-libre-teatro-callejero-circo-y-cine\\\/#primaryimage\"},\"thumbnailUrl\":\"https:\\\/\\\/elgoibar.eus\\\/wp-content\\\/uploads\\\/2026\\\/06\\\/udako-kultura.jpg\",\"articleSection\":[\"Cultura\",\"Noticias\"],\"inLanguage\":\"es\"},{\"@type\":\"WebPage\",\"@id\":\"https:\\\/\\\/elgoibar.eus\\\/es\\\/elgoibar-ofrece-en-julio-cultura-al-aire-libre-teatro-callejero-circo-y-cine\\\/\",\"url\":\"https:\\\/\\\/elgoibar.eus\\\/es\\\/elgoibar-ofrece-en-julio-cultura-al-aire-libre-teatro-callejero-circo-y-cine\\\/\",\"name\":\"Elgoibar ofrece en julio cultura al aire libre: teatro\u00a0 callejero, circo y cine\u00a0 - Elgoibar.eus\",\"isPartOf\":{\"@id\":\"https:\\\/\\\/elgoibar.eus\\\/#website\"},\"primaryImageOfPage\":{\"@id\":\"https:\\\/\\\/elgoibar.eus\\\/es\\\/elgoibar-ofrece-en-julio-cultura-al-aire-libre-teatro-callejero-circo-y-cine\\\/#primaryimage\"},\"image\":{\"@id\":\"https:\\\/\\\/elgoibar.eus\\\/es\\\/elgoibar-ofrece-en-julio-cultura-al-aire-libre-teatro-callejero-circo-y-cine\\\/#primaryimage\"},\"thumbnailUrl\":\"https:\\\/\\\/elgoibar.eus\\\/wp-content\\\/uploads\\\/2026\\\/06\\\/udako-kultura.jpg\",\"datePublished\":\"2026-06-24T10:34:57+00:00\",\"dateModified\":\"2026-06-24T10:36:04+00:00\",\"breadcrumb\":{\"@id\":\"https:\\\/\\\/elgoibar.eus\\\/es\\\/elgoibar-ofrece-en-julio-cultura-al-aire-libre-teatro-callejero-circo-y-cine\\\/#breadcrumb\"},\"inLanguage\":\"es\",\"potentialAction\":[{\"@type\":\"ReadAction\",\"target\":[\"https:\\\/\\\/elgoibar.eus\\\/es\\\/elgoibar-ofrece-en-julio-cultura-al-aire-libre-teatro-callejero-circo-y-cine\\\/\"]}]},{\"@type\":\"ImageObject\",\"inLanguage\":\"es\",\"@id\":\"https:\\\/\\\/elgoibar.eus\\\/es\\\/elgoibar-ofrece-en-julio-cultura-al-aire-libre-teatro-callejero-circo-y-cine\\\/#primaryimage\",\"url\":\"https:\\\/\\\/elgoibar.eus\\\/wp-content\\\/uploads\\\/2026\\\/06\\\/udako-kultura.jpg\",\"contentUrl\":\"https:\\\/\\\/elgoibar.eus\\\/wp-content\\\/uploads\\\/2026\\\/06\\\/udako-kultura.jpg\",\"width\":1000,\"height\":1400,\"caption\":\"udako-kultura\"},{\"@type\":\"BreadcrumbList\",\"@id\":\"https:\\\/\\\/elgoibar.eus\\\/es\\\/elgoibar-ofrece-en-julio-cultura-al-aire-libre-teatro-callejero-circo-y-cine\\\/#breadcrumb\",\"itemListElement\":[{\"@type\":\"ListItem\",\"position\":1,\"name\":\"\",\"item\":\"https:\\\/\\\/elgoibar.eus\\\/es\\\/\"},{\"@type\":\"ListItem\",\"position\":2,\"name\":\"Cultura\",\"item\":\"https:\\\/\\\/elgoibar.eus\\\/es\\\/categoria\\\/cultura\\\/\"},{\"@type\":\"ListItem\",\"position\":3,\"name\":\"Elgoibar ofrece en julio cultura al aire libre: teatro\u00a0 callejero, circo y cine\u00a0\"}]},{\"@type\":\"WebSite\",\"@id\":\"https:\\\/\\\/elgoibar.eus\\\/#website\",\"url\":\"https:\\\/\\\/elgoibar.eus\\\/\",\"name\":\"Elgoibar.eus\",\"description\":\"Elgoibarko Udala\",\"publisher\":{\"@id\":\"https:\\\/\\\/elgoibar.eus\\\/#organization\"},\"potentialAction\":[{\"@type\":\"SearchAction\",\"target\":{\"@type\":\"EntryPoint\",\"urlTemplate\":\"https:\\\/\\\/elgoibar.eus\\\/?s={search_term_string}\"},\"query-input\":{\"@type\":\"PropertyValueSpecification\",\"valueRequired\":true,\"valueName\":\"search_term_string\"}}],\"inLanguage\":\"es\"},{\"@type\":\"Organization\",\"@id\":\"https:\\\/\\\/elgoibar.eus\\\/#organization\",\"name\":\"Elgoibar Udala \\\/ Ayuntamiento\",\"url\":\"https:\\\/\\\/elgoibar.eus\\\/\",\"logo\":{\"@type\":\"ImageObject\",\"inLanguage\":\"es\",\"@id\":\"https:\\\/\\\/elgoibar.eus\\\/#\\\/schema\\\/logo\\\/image\\\/\",\"url\":\"https:\\\/\\\/elgoibar.eus\\\/wp-content\\\/uploads\\\/2021\\\/10\\\/logo-elgoibar-color2.png\",\"contentUrl\":\"https:\\\/\\\/elgoibar.eus\\\/wp-content\\\/uploads\\\/2021\\\/10\\\/logo-elgoibar-color2.png\",\"width\":220,\"height\":62,\"caption\":\"Elgoibar Udala \\\/ Ayuntamiento\"},\"image\":{\"@id\":\"https:\\\/\\\/elgoibar.eus\\\/#\\\/schema\\\/logo\\\/image\\\/\"},\"sameAs\":[\"https:\\\/\\\/www.facebook.com\\\/ElgoibarkoUdala\",\"https:\\\/\\\/x.com\\\/ElgoibarkoUdala\",\"https:\\\/\\\/www.instagram.com\\\/elgoibarkoudala\\\/\"]},{\"@type\":\"Person\",\"@id\":\"https:\\\/\\\/elgoibar.eus\\\/#\\\/schema\\\/person\\\/d7efcb94d11362ecfeaa277579884c04\",\"name\":\"komunikazioa\",\"image\":{\"@type\":\"ImageObject\",\"inLanguage\":\"es\",\"@id\":\"https:\\\/\\\/secure.gravatar.com\\\/avatar\\\/444ea4b1fa7ab599fb64caf2a057fc9feab6f4ee3b01f6de032e5ac13e31247e?s=96&d=mm&r=g\",\"url\":\"https:\\\/\\\/secure.gravatar.com\\\/avatar\\\/444ea4b1fa7ab599fb64caf2a057fc9feab6f4ee3b01f6de032e5ac13e31247e?s=96&d=mm&r=g\",\"contentUrl\":\"https:\\\/\\\/secure.gravatar.com\\\/avatar\\\/444ea4b1fa7ab599fb64caf2a057fc9feab6f4ee3b01f6de032e5ac13e31247e?s=96&d=mm&r=g\",\"caption\":\"komunikazioa\"}}]}<\/script>\n<!-- \/ Yoast SEO plugin. -->","yoast_head_json":{"title":"Elgoibar ofrece en julio cultura al aire libre: teatro\u00a0 callejero, circo y cine\u00a0 - Elgoibar.eus","robots":{"index":"index","follow":"follow","max-snippet":"max-snippet:-1","max-image-preview":"max-image-preview:large","max-video-preview":"max-video-preview:-1"},"canonical":"https:\/\/elgoibar.eus\/es\/elgoibar-ofrece-en-julio-cultura-al-aire-libre-teatro-callejero-circo-y-cine\/","og_locale":"es_ES","og_type":"article","og_title":"Elgoibar ofrece en julio cultura al aire libre: teatro\u00a0 callejero, circo y cine\u00a0 - Elgoibar.eus","og_description":"El programa \u201cUdara Kulturaz Blai\u201d re\u00fane teatro de calle, Lumina Zirkua y cuatro pel\u00edculas a lo\u00a0 largo de todo el","og_url":"https:\/\/elgoibar.eus\/es\/elgoibar-ofrece-en-julio-cultura-al-aire-libre-teatro-callejero-circo-y-cine\/","og_site_name":"Elgoibar.eus","article_publisher":"https:\/\/www.facebook.com\/ElgoibarkoUdala","article_published_time":"2026-06-24T10:34:57+00:00","article_modified_time":"2026-06-24T10:36:04+00:00","og_image":[{"width":1000,"height":1400,"url":"https:\/\/elgoibar.eus\/wp-content\/uploads\/2026\/06\/udako-kultura.jpg","type":"image\/jpeg"}],"author":"komunikazioa","twitter_card":"summary_large_image","twitter_creator":"@ElgoibarkoUdala","twitter_site":"@ElgoibarkoUdala","twitter_misc":{"Escrito por":"komunikazioa","Tiempo de lectura":"1 minuto"},"schema":{"@context":"https:\/\/schema.org","@graph":[{"@type":"Article","@id":"https:\/\/elgoibar.eus\/es\/elgoibar-ofrece-en-julio-cultura-al-aire-libre-teatro-callejero-circo-y-cine\/#article","isPartOf":{"@id":"https:\/\/elgoibar.eus\/es\/elgoibar-ofrece-en-julio-cultura-al-aire-libre-teatro-callejero-circo-y-cine\/"},"author":{"name":"komunikazioa","@id":"https:\/\/elgoibar.eus\/#\/schema\/person\/d7efcb94d11362ecfeaa277579884c04"},"headline":"Elgoibar ofrece en julio cultura al aire libre: teatro\u00a0 callejero, circo y cine\u00a0","datePublished":"2026-06-24T10:34:57+00:00","dateModified":"2026-06-24T10:36:04+00:00","mainEntityOfPage":{"@id":"https:\/\/elgoibar.eus\/es\/elgoibar-ofrece-en-julio-cultura-al-aire-libre-teatro-callejero-circo-y-cine\/"},"wordCount":268,"publisher":{"@id":"https:\/\/elgoibar.eus\/#organization"},"image":{"@id":"https:\/\/elgoibar.eus\/es\/elgoibar-ofrece-en-julio-cultura-al-aire-libre-teatro-callejero-circo-y-cine\/#primaryimage"},"thumbnailUrl":"https:\/\/elgoibar.eus\/wp-content\/uploads\/2026\/06\/udako-kultura.jpg","articleSection":["Cultura","Noticias"],"inLanguage":"es"},{"@type":"WebPage","@id":"https:\/\/elgoibar.eus\/es\/elgoibar-ofrece-en-julio-cultura-al-aire-libre-teatro-callejero-circo-y-cine\/","url":"https:\/\/elgoibar.eus\/es\/elgoibar-ofrece-en-julio-cultura-al-aire-libre-teatro-callejero-circo-y-cine\/","name":"Elgoibar ofrece en julio cultura al aire libre: teatro\u00a0 callejero, circo y cine\u00a0 - Elgoibar.eus","isPartOf":{"@id":"https:\/\/elgoibar.eus\/#website"},"primaryImageOfPage":{"@id":"https:\/\/elgoibar.eus\/es\/elgoibar-ofrece-en-julio-cultura-al-aire-libre-teatro-callejero-circo-y-cine\/#primaryimage"},"image":{"@id":"https:\/\/elgoibar.eus\/es\/elgoibar-ofrece-en-julio-cultura-al-aire-libre-teatro-callejero-circo-y-cine\/#primaryimage"},"thumbnailUrl":"https:\/\/elgoibar.eus\/wp-content\/uploads\/2026\/06\/udako-kultura.jpg","datePublished":"2026-06-24T10:34:57+00:00","dateModified":"2026-06-24T10:36:04+00:00","breadcrumb":{"@id":"https:\/\/elgoibar.eus\/es\/elgoibar-ofrece-en-julio-cultura-al-aire-libre-teatro-callejero-circo-y-cine\/#breadcrumb"},"inLanguage":"es","potentialAction":[{"@type":"ReadAction","target":["https:\/\/elgoibar.eus\/es\/elgoibar-ofrece-en-julio-cultura-al-aire-libre-teatro-callejero-circo-y-cine\/"]}]},{"@type":"ImageObject","inLanguage":"es","@id":"https:\/\/elgoibar.eus\/es\/elgoibar-ofrece-en-julio-cultura-al-aire-libre-teatro-callejero-circo-y-cine\/#primaryimage","url":"https:\/\/elgoibar.eus\/wp-content\/uploads\/2026\/06\/udako-kultura.jpg","contentUrl":"https:\/\/elgoibar.eus\/wp-content\/uploads\/2026\/06\/udako-kultura.jpg","width":1000,"height":1400,"caption":"udako-kultura"},{"@type":"BreadcrumbList","@id":"https:\/\/elgoibar.eus\/es\/elgoibar-ofrece-en-julio-cultura-al-aire-libre-teatro-callejero-circo-y-cine\/#breadcrumb","itemListElement":[{"@type":"ListItem","position":1,"name":"","item":"https:\/\/elgoibar.eus\/es\/"},{"@type":"ListItem","position":2,"name":"Cultura","item":"https:\/\/elgoibar.eus\/es\/categoria\/cultura\/"},{"@type":"ListItem","position":3,"name":"Elgoibar ofrece en julio cultura al aire libre: teatro\u00a0 callejero, circo y cine\u00a0"}]},{"@type":"WebSite","@id":"https:\/\/elgoibar.eus\/#website","url":"https:\/\/elgoibar.eus\/","name":"Elgoibar.eus","description":"Elgoibarko Udala","publisher":{"@id":"https:\/\/elgoibar.eus\/#organization"},"potentialAction":[{"@type":"SearchAction","target":{"@type":"EntryPoint","urlTemplate":"https:\/\/elgoibar.eus\/?s={search_term_string}"},"query-input":{"@type":"PropertyValueSpecification","valueRequired":true,"valueName":"search_term_string"}}],"inLanguage":"es"},{"@type":"Organization","@id":"https:\/\/elgoibar.eus\/#organization","name":"Elgoibar Udala \/ Ayuntamiento","url":"https:\/\/elgoibar.eus\/","logo":{"@type":"ImageObject","inLanguage":"es","@id":"https:\/\/elgoibar.eus\/#\/schema\/logo\/image\/","url":"https:\/\/elgoibar.eus\/wp-content\/uploads\/2021\/10\/logo-elgoibar-color2.png","contentUrl":"https:\/\/elgoibar.eus\/wp-content\/uploads\/2021\/10\/logo-elgoibar-color2.png","width":220,"height":62,"caption":"Elgoibar Udala \/ Ayuntamiento"},"image":{"@id":"https:\/\/elgoibar.eus\/#\/schema\/logo\/image\/"},"sameAs":["https:\/\/www.facebook.com\/ElgoibarkoUdala","https:\/\/x.com\/ElgoibarkoUdala","https:\/\/www.instagram.com\/elgoibarkoudala\/"]},{"@type":"Person","@id":"https:\/\/elgoibar.eus\/#\/schema\/person\/d7efcb94d11362ecfeaa277579884c04","name":"komunikazioa","image":{"@type":"ImageObject","inLanguage":"es","@id":"https:\/\/secure.gravatar.com\/avatar\/444ea4b1fa7ab599fb64caf2a057fc9feab6f4ee3b01f6de032e5ac13e31247e?s=96&d=mm&r=g","url":"https:\/\/secure.gravatar.com\/avatar\/444ea4b1fa7ab599fb64caf2a057fc9feab6f4ee3b01f6de032e5ac13e31247e?s=96&d=mm&r=g","contentUrl":"https:\/\/secure.gravatar.com\/avatar\/444ea4b1fa7ab599fb64caf2a057fc9feab6f4ee3b01f6de032e5ac13e31247e?s=96&d=mm&r=g","caption":"komunikazioa"}}]}},"_links":{"self":[{"href":"https:\/\/elgoibar.eus\/es\/wp-json\/wp\/v2\/posts\/38169","targetHints":{"allow":["GET"]}}],"collection":[{"href":"https:\/\/elgoibar.eus\/es\/wp-json\/wp\/v2\/posts"}],"about":[{"href":"https:\/\/elgoibar.eus\/es\/wp-json\/wp\/v2\/types\/post"}],"author":[{"embeddable":true,"href":"https:\/\/elgoibar.eus\/es\/wp-json\/wp\/v2\/users\/3"}],"replies":[{"embeddable":true,"href":"https:\/\/elgoibar.eus\/es\/wp-json\/wp\/v2\/comments?post=38169"}],"version-history":[{"count":1,"href":"https:\/\/elgoibar.eus\/es\/wp-json\/wp\/v2\/posts\/38169\/revisions"}],"predecessor-version":[{"id":38170,"href":"https:\/\/elgoibar.eus\/es\/wp-json\/wp\/v2\/posts\/38169\/revisions\/38170"}],"wp:featuredmedia":[{"embeddable":true,"href":"https:\/\/elgoibar.eus\/es\/wp-json\/wp\/v2\/media\/38167"}],"wp:attachment":[{"href":"https:\/\/elgoibar.eus\/es\/wp-json\/wp\/v2\/media?parent=38169"}],"wp:term":[{"taxonomy":"category","embeddable":true,"href":"https:\/\/elgoibar.eus\/es\/wp-json\/wp\/v2\/categories?post=38169"},{"taxonomy":"post_tag","embeddable":true,"href":"https:\/\/elgoibar.eus\/es\/wp-json\/wp\/v2\/tags?post=38169"}],"curies":[{"name":"wp","href":"https:\/\/api.w.org\/{rel}","templated":true}]}}